{"id":1025,"date":"2024-08-27T11:43:15","date_gmt":"2024-08-27T09:43:15","guid":{"rendered":"https:\/\/spectraldynamics.eu\/?p=1025"},"modified":"2024-08-27T11:57:12","modified_gmt":"2024-08-27T09:57:12","slug":"aerospace_test__development_show_202","status":"publish","type":"post","link":"https:\/\/spectraldynamics.eu\/fr\/aerospace_test__development_show_202\/","title":{"rendered":"Salon des tests et du d\u00e9veloppement a\u00e9rospatiaux 2024\u00a0"},"content":{"rendered":"<div class=\"wp-block-columns is-layout-flex wp-container-3\">\n<div class=\"wp-block-column is-layout-flow\">\n<p>L&#039;Aerospace Test &amp; Development Show 2024 se tiendra les mardi 10 et mercredi 11 septembre au MEETT \u00e0 Toulouse ( FRANCE ).<\/p>\n\n\n\n<p>Notre partenaire TIRA participera avec l&#039;\u00e9quipe Spectral Dynamics au salon 2024. <\/p>\n<\/div>\n\n\n\n<div class=\"wp-block-column is-layout-flow\">\n<figure class=\"wp-block-image size-full\"><img decoding=\"async\" loading=\"lazy\" width=\"300\" height=\"150\" src=\"https:\/\/spectraldynamics.eu\/wp-content\/uploads\/2024\/08\/expo-1.png\" alt=\"\" class=\"wp-image-1030\" srcset=\"https:\/\/spectraldynamics.eu\/wp-content\/uploads\/2024\/08\/expo-1.png 300w, https:\/\/spectraldynamics.eu\/wp-content\/uploads\/2024\/08\/expo-1-18x9.png 18w\" sizes=\"(max-width: 300px) 100vw, 300px\" \/><\/figure>\n<\/div>\n<\/div>\n\n\n\n<p>N&#039;h\u00e9sitez pas \u00e0 consulter la page de l&#039;\u00e9v\u00e9nement pour d\u00e9couvrir le spectacle : <\/p>\n\n\n\n<p><a href=\"https:\/\/www.aerotestdevelopmentshow.com\/\">https:\/\/www.aerotestdevelopmentshow.com\/<\/a><\/p>","protected":false},"excerpt":{"rendered":"<p>L&#039;Aerospace Test &amp; Development Show 2024 se tiendra les mardi 10 et mercredi 11 septembre au MEETT \u00e0 Toulouse ( FRANCE ).<\/p>","protected":false},"author":4,"featured_media":1030,"comment_status":"closed","ping_status":"closed","sticky":false,"template":"","format":"standard","meta":[],"categories":[4],"tags":[],"acf":[],"yoast_head":"<!-- This site is optimized with the Yoast SEO plugin v21.3 - https:\/\/yoast.com\/wordpress\/plugins\/seo\/ -->\n<title>Aerospace Test &amp; Development Show | Toulouse | TIRA &amp; SD<\/title>\n<meta name=\"description\" content=\"The Aerospace Test &amp; Development Show 2024 will be held at MEETT in Toulouse. TIRA will be supported by our team for this show.\" \/>\n<meta name=\"robots\" content=\"index, follow, max-snippet:-1, max-image-preview:large, max-video-preview:-1\" \/>\n<link rel=\"canonical\" href=\"https:\/\/spectraldynamics.eu\/fr\/aerospace_test__development_show_202\/\" \/>\n<meta property=\"og:locale\" content=\"fr_FR\" \/>\n<meta property=\"og:type\" content=\"article\" \/>\n<meta property=\"og:title\" content=\"Aerospace Test &amp; Development Show | Toulouse | TIRA &amp; SD\" \/>\n<meta property=\"og:description\" content=\"The Aerospace Test &amp; Development Show 2024 will be held at MEETT in Toulouse. TIRA will be supported by our team for this show.\" \/>\n<meta property=\"og:url\" content=\"https:\/\/spectraldynamics.eu\/fr\/aerospace_test__development_show_202\/\" \/>\n<meta property=\"og:site_name\" content=\"Spectral Dynamics\" \/>\n<meta property=\"article:publisher\" content=\"https:\/\/www.facebook.com\/Spectral-Dynamics-116990255000523\/\" \/>\n<meta property=\"article:published_time\" content=\"2024-08-27T09:43:15+00:00\" \/>\n<meta property=\"article:modified_time\" content=\"2024-08-27T09:57:12+00:00\" \/>\n<meta property=\"og:image\" content=\"https:\/\/spectraldynamics.eu\/wp-content\/uploads\/2024\/08\/expo-1.png\" \/>\n\t<meta property=\"og:image:width\" content=\"300\" \/>\n\t<meta property=\"og:image:height\" content=\"150\" \/>\n\t<meta property=\"og:image:type\" content=\"image\/png\" \/>\n<meta name=\"author\" content=\"Carole Dovillaire\" \/>\n<meta name=\"twitter:card\" content=\"summary_large_image\" \/>\n<meta name=\"twitter:label1\" content=\"\u00c9crit par\" \/>\n\t<meta name=\"twitter:data1\" content=\"Carole Dovillaire\" \/>\n\t<meta name=\"twitter:label2\" content=\"Dur\u00e9e de lecture estim\u00e9e\" \/>\n\t<meta name=\"twitter:data2\" content=\"1 minute\" \/>\n<script type=\"application\/ld+json\" class=\"yoast-schema-graph\">{\"@context\":\"https:\/\/schema.org\",\"@graph\":[{\"@type\":\"Article\",\"@id\":\"https:\/\/spectraldynamics.eu\/aerospace_test__development_show_202\/#article\",\"isPartOf\":{\"@id\":\"https:\/\/spectraldynamics.eu\/aerospace_test__development_show_202\/\"},\"author\":{\"name\":\"Carole Dovillaire\",\"@id\":\"https:\/\/spectraldynamics.eu\/#\/schema\/person\/0115b81978d71f177552df85f6b389bb\"},\"headline\":\"Aerospace Test &#038; Development Show 2024\u00a0\",\"datePublished\":\"2024-08-27T09:43:15+00:00\",\"dateModified\":\"2024-08-27T09:57:12+00:00\",\"mainEntityOfPage\":{\"@id\":\"https:\/\/spectraldynamics.eu\/aerospace_test__development_show_202\/\"},\"wordCount\":53,\"publisher\":{\"@id\":\"https:\/\/spectraldynamics.eu\/#organization\"},\"articleSection\":[\"Events\"],\"inLanguage\":\"fr-FR\"},{\"@type\":\"WebPage\",\"@id\":\"https:\/\/spectraldynamics.eu\/aerospace_test__development_show_202\/\",\"url\":\"https:\/\/spectraldynamics.eu\/aerospace_test__development_show_202\/\",\"name\":\"Aerospace Test & Development Show | Toulouse | TIRA & SD\",\"isPartOf\":{\"@id\":\"https:\/\/spectraldynamics.eu\/#website\"},\"datePublished\":\"2024-08-27T09:43:15+00:00\",\"dateModified\":\"2024-08-27T09:57:12+00:00\",\"description\":\"The Aerospace Test & Development Show 2024 will be held at MEETT in Toulouse. TIRA will be supported by our team for this show.\",\"breadcrumb\":{\"@id\":\"https:\/\/spectraldynamics.eu\/aerospace_test__development_show_202\/#breadcrumb\"},\"inLanguage\":\"fr-FR\",\"potentialAction\":[{\"@type\":\"ReadAction\",\"target\":[\"https:\/\/spectraldynamics.eu\/aerospace_test__development_show_202\/\"]}]},{\"@type\":\"BreadcrumbList\",\"@id\":\"https:\/\/spectraldynamics.eu\/aerospace_test__development_show_202\/#breadcrumb\",\"itemListElement\":[{\"@type\":\"ListItem\",\"position\":1,\"name\":\"Homepage\",\"item\":\"https:\/\/spectraldynamics.eu\/\"},{\"@type\":\"ListItem\",\"position\":2,\"name\":\"Aerospace Test &#038; Development Show 2024\u00a0\"}]},{\"@type\":\"WebSite\",\"@id\":\"https:\/\/spectraldynamics.eu\/#website\",\"url\":\"https:\/\/spectraldynamics.eu\/\",\"name\":\"Spectral Dynamics\",\"description\":\"\",\"publisher\":{\"@id\":\"https:\/\/spectraldynamics.eu\/#organization\"},\"potentialAction\":[{\"@type\":\"SearchAction\",\"target\":{\"@type\":\"EntryPoint\",\"urlTemplate\":\"https:\/\/spectraldynamics.eu\/?s={search_term_string}\"},\"query-input\":\"required name=search_term_string\"}],\"inLanguage\":\"fr-FR\"},{\"@type\":\"Organization\",\"@id\":\"https:\/\/spectraldynamics.eu\/#organization\",\"name\":\"Spectral Dynamics\",\"url\":\"https:\/\/spectraldynamics.eu\/\",\"logo\":{\"@type\":\"ImageObject\",\"inLanguage\":\"fr-FR\",\"@id\":\"https:\/\/spectraldynamics.eu\/#\/schema\/logo\/image\/\",\"url\":\"\",\"contentUrl\":\"\",\"caption\":\"Spectral Dynamics\"},\"image\":{\"@id\":\"https:\/\/spectraldynamics.eu\/#\/schema\/logo\/image\/\"},\"sameAs\":[\"https:\/\/www.facebook.com\/Spectral-Dynamics-116990255000523\/\",\"https:\/\/www.youtube.com\/channel\/UCEPFhx_26dmu19mxRRBhYWg\"]},{\"@type\":\"Person\",\"@id\":\"https:\/\/spectraldynamics.eu\/#\/schema\/person\/0115b81978d71f177552df85f6b389bb\",\"name\":\"Carole Dovillaire\"}]}<\/script>\n<!-- \/ Yoast SEO plugin. -->","yoast_head_json":{"title":"Aerospace Test & Development Show | Toulouse | TIRA & SD","description":"The Aerospace Test & Development Show 2024 will be held at MEETT in Toulouse. TIRA will be supported by our team for this show.","robots":{"index":"index","follow":"follow","max-snippet":"max-snippet:-1","max-image-preview":"max-image-preview:large","max-video-preview":"max-video-preview:-1"},"canonical":"https:\/\/spectraldynamics.eu\/fr\/aerospace_test__development_show_202\/","og_locale":"fr_FR","og_type":"article","og_title":"Aerospace Test & Development Show | Toulouse | TIRA & SD","og_description":"The Aerospace Test & Development Show 2024 will be held at MEETT in Toulouse. TIRA will be supported by our team for this show.","og_url":"https:\/\/spectraldynamics.eu\/fr\/aerospace_test__development_show_202\/","og_site_name":"Spectral Dynamics","article_publisher":"https:\/\/www.facebook.com\/Spectral-Dynamics-116990255000523\/","article_published_time":"2024-08-27T09:43:15+00:00","article_modified_time":"2024-08-27T09:57:12+00:00","og_image":[{"width":300,"height":150,"url":"https:\/\/spectraldynamics.eu\/wp-content\/uploads\/2024\/08\/expo-1.png","type":"image\/png"}],"author":"Carole Dovillaire","twitter_card":"summary_large_image","twitter_misc":{"\u00c9crit par":"Carole Dovillaire","Dur\u00e9e de lecture estim\u00e9e":"1 minute"},"schema":{"@context":"https:\/\/schema.org","@graph":[{"@type":"Article","@id":"https:\/\/spectraldynamics.eu\/aerospace_test__development_show_202\/#article","isPartOf":{"@id":"https:\/\/spectraldynamics.eu\/aerospace_test__development_show_202\/"},"author":{"name":"Carole Dovillaire","@id":"https:\/\/spectraldynamics.eu\/#\/schema\/person\/0115b81978d71f177552df85f6b389bb"},"headline":"Aerospace Test &#038; Development Show 2024\u00a0","datePublished":"2024-08-27T09:43:15+00:00","dateModified":"2024-08-27T09:57:12+00:00","mainEntityOfPage":{"@id":"https:\/\/spectraldynamics.eu\/aerospace_test__development_show_202\/"},"wordCount":53,"publisher":{"@id":"https:\/\/spectraldynamics.eu\/#organization"},"articleSection":["Events"],"inLanguage":"fr-FR"},{"@type":"WebPage","@id":"https:\/\/spectraldynamics.eu\/aerospace_test__development_show_202\/","url":"https:\/\/spectraldynamics.eu\/aerospace_test__development_show_202\/","name":"Aerospace Test & Development Show | Toulouse | TIRA & SD","isPartOf":{"@id":"https:\/\/spectraldynamics.eu\/#website"},"datePublished":"2024-08-27T09:43:15+00:00","dateModified":"2024-08-27T09:57:12+00:00","description":"The Aerospace Test & Development Show 2024 will be held at MEETT in Toulouse. TIRA will be supported by our team for this show.","breadcrumb":{"@id":"https:\/\/spectraldynamics.eu\/aerospace_test__development_show_202\/#breadcrumb"},"inLanguage":"fr-FR","potentialAction":[{"@type":"ReadAction","target":["https:\/\/spectraldynamics.eu\/aerospace_test__development_show_202\/"]}]},{"@type":"BreadcrumbList","@id":"https:\/\/spectraldynamics.eu\/aerospace_test__development_show_202\/#breadcrumb","itemListElement":[{"@type":"ListItem","position":1,"name":"Homepage","item":"https:\/\/spectraldynamics.eu\/"},{"@type":"ListItem","position":2,"name":"Aerospace Test &#038; Development Show 2024\u00a0"}]},{"@type":"WebSite","@id":"https:\/\/spectraldynamics.eu\/#website","url":"https:\/\/spectraldynamics.eu\/","name":"Spectral Dynamics","description":"","publisher":{"@id":"https:\/\/spectraldynamics.eu\/#organization"},"potentialAction":[{"@type":"SearchAction","target":{"@type":"EntryPoint","urlTemplate":"https:\/\/spectraldynamics.eu\/?s={search_term_string}"},"query-input":"required name=search_term_string"}],"inLanguage":"fr-FR"},{"@type":"Organization","@id":"https:\/\/spectraldynamics.eu\/#organization","name":"Spectral Dynamics","url":"https:\/\/spectraldynamics.eu\/","logo":{"@type":"ImageObject","inLanguage":"fr-FR","@id":"https:\/\/spectraldynamics.eu\/#\/schema\/logo\/image\/","url":"","contentUrl":"","caption":"Spectral Dynamics"},"image":{"@id":"https:\/\/spectraldynamics.eu\/#\/schema\/logo\/image\/"},"sameAs":["https:\/\/www.facebook.com\/Spectral-Dynamics-116990255000523\/","https:\/\/www.youtube.com\/channel\/UCEPFhx_26dmu19mxRRBhYWg"]},{"@type":"Person","@id":"https:\/\/spectraldynamics.eu\/#\/schema\/person\/0115b81978d71f177552df85f6b389bb","name":"Carole Dovillaire"}]}},"_links":{"self":[{"href":"https:\/\/spectraldynamics.eu\/fr\/wp-json\/wp\/v2\/posts\/1025"}],"collection":[{"href":"https:\/\/spectraldynamics.eu\/fr\/wp-json\/wp\/v2\/posts"}],"about":[{"href":"https:\/\/spectraldynamics.eu\/fr\/wp-json\/wp\/v2\/types\/post"}],"author":[{"embeddable":true,"href":"https:\/\/spectraldynamics.eu\/fr\/wp-json\/wp\/v2\/users\/4"}],"replies":[{"embeddable":true,"href":"https:\/\/spectraldynamics.eu\/fr\/wp-json\/wp\/v2\/comments?post=1025"}],"version-history":[{"count":3,"href":"https:\/\/spectraldynamics.eu\/fr\/wp-json\/wp\/v2\/posts\/1025\/revisions"}],"predecessor-version":[{"id":1031,"href":"https:\/\/spectraldynamics.eu\/fr\/wp-json\/wp\/v2\/posts\/1025\/revisions\/1031"}],"wp:featuredmedia":[{"embeddable":true,"href":"https:\/\/spectraldynamics.eu\/fr\/wp-json\/wp\/v2\/media\/1030"}],"wp:attachment":[{"href":"https:\/\/spectraldynamics.eu\/fr\/wp-json\/wp\/v2\/media?parent=1025"}],"wp:term":[{"taxonomy":"category","embeddable":true,"href":"https:\/\/spectraldynamics.eu\/fr\/wp-json\/wp\/v2\/categories?post=1025"},{"taxonomy":"post_tag","embeddable":true,"href":"https:\/\/spectraldynamics.eu\/fr\/wp-json\/wp\/v2\/tags?post=1025"}],"curies":[{"name":"wp","href":"https:\/\/api.w.org\/{rel}","templated":true}]}}